{"id":15226,"date":"2016-03-29T16:29:06","date_gmt":"2016-03-29T16:29:06","guid":{"rendered":"http:\/\/alfredoferrer.com\/de\/?p=15226"},"modified":"2024-12-03T20:45:22","modified_gmt":"2024-12-03T20:45:22","slug":"dr-ferrer-referent-an-der-aad-2016-mit-neuem-teilnehmerrekord","status":"publish","type":"post","link":"https:\/\/alfredoferrer.com\/de\/dr-ferrer-referent-an-der-aad-2016-mit-neuem-teilnehmerrekord\/","title":{"rendered":"Dr Ferrer, Referent an der AAD 2016, mit neuem Teilnehmerrekord"},"content":{"rendered":"<p style=\"text-align: justify;\">Mehr als 5900 Teilnehmer besuchten die 17. Augen\u00e4rztliche Akademie Deutschland 2016, die vom 8. bis 12. M\u00e4rz im Congress Centrum D\u00fcsseldorf stattfand. Die gr\u00f6\u00dfte Fortbildungstagung f\u00fcr Augen\u00e4rzte und ihr Team im deutschsprachigen Raum bleibt damit hochattraktiv.<\/p>\n<p style=\"text-align: justify;\">Auf gro\u00dfe Resonanz stie\u00dfen die Vorlesungen und Paneldiskussionen zum Hauptthema des Kongresses, \u201eAugenheilkunde im Spannungsfeld von Studien und \u201ereal life\u201c, bei denen ausgewiesene Experten die Studienlage zum jeweiligen Thema diskutierten und darlegten, wie sich die Daten f\u00fcr die t\u00e4gliche Arbeit des Augenarztes in Klinik und Praxis nutzen lassen.<\/p>\n<div style=\"text-align: justify;\">Dr. Alfredo Ferrer nahm als Referent an den Kursen \u201cWetlab Phakoemulsifikation\u201d und am \u00a0Kurs \u201cRefraktive Linsenchirurgie\u201d als Kursleiter teil.<\/div>\n","protected":false},"excerpt":{"rendered":"<p>Mehr als 5900 Teilnehmer besuchten die 17. Augen\u00e4rztliche Akademie Deutschland 2016, die vom 8. bis 12. M\u00e4rz im Congress Centrum D\u00fcsseldorf stattfand. Die gr\u00f6\u00dfte Fortbildungstagung f\u00fcr Augen\u00e4rzte und ihr Team&#8230;<\/p>\n","protected":false},"author":1,"featured_media":0,"comment_status":"closed","ping_status":"open","sticky":false,"template":"","format":"standard","meta":{"footnotes":""},"categories":[35],"tags":[],"aioseo_notices":[],"amp_enabled":true,"_links":{"self":[{"href":"https:\/\/alfredoferrer.com\/de\/wp-json\/wp\/v2\/posts\/15226"}],"collection":[{"href":"https:\/\/alfredoferrer.com\/de\/wp-json\/wp\/v2\/posts"}],"about":[{"href":"https:\/\/alfredoferrer.com\/de\/wp-json\/wp\/v2\/types\/post"}],"author":[{"embeddable":true,"href":"https:\/\/alfredoferrer.com\/de\/wp-json\/wp\/v2\/users\/1"}],"replies":[{"embeddable":true,"href":"https:\/\/alfredoferrer.com\/de\/wp-json\/wp\/v2\/comments?post=15226"}],"version-history":[{"count":1,"href":"https:\/\/alfredoferrer.com\/de\/wp-json\/wp\/v2\/posts\/15226\/revisions"}],"predecessor-version":[{"id":18372,"href":"https:\/\/alfredoferrer.com\/de\/wp-json\/wp\/v2\/posts\/15226\/revisions\/18372"}],"wp:attachment":[{"href":"https:\/\/alfredoferrer.com\/de\/wp-json\/wp\/v2\/media?parent=15226"}],"wp:term":[{"taxonomy":"category","embeddable":true,"href":"https:\/\/alfredoferrer.com\/de\/wp-json\/wp\/v2\/categories?post=15226"},{"taxonomy":"post_tag","embeddable":true,"href":"https:\/\/alfredoferrer.com\/de\/wp-json\/wp\/v2\/tags?post=15226"}],"curies":[{"name":"wp","href":"https:\/\/api.w.org\/{rel}","templated":true}]}}