{"id":13299,"date":"2013-02-25T17:15:40","date_gmt":"2013-02-25T17:15:40","guid":{"rendered":"http:\/\/www.alfredoferrer.com\/?p=13299"},"modified":"2024-12-03T20:45:24","modified_gmt":"2024-12-03T20:45:24","slug":"alfredo-ferrer-referent-in-der-augenarztliche-akademie-deutschland-2013","status":"publish","type":"post","link":"https:\/\/alfredoferrer.com\/de\/alfredo-ferrer-referent-in-der-augenarztliche-akademie-deutschland-2013\/","title":{"rendered":"Alfredo Ferrer, Referent in der Augen\u00e4rztliche Akademie Deutschland 2013"},"content":{"rendered":"<p>Wie in vorigen jahren, Alfredo Ferrer nimmt teil als Referent an der <a href=\"http:\/\/aad-kongress.de\/index.php\" target=\"_blank\" rel=\"noopener\">Augen\u00e4rztlichte Akademie Deutschland 2013<\/a>, die vom 26. Februar bis 2. M\u00e4rz in D\u00fcsseldorf stattfindet.<\/p>\n<p>Mehr Auskunft hier: &#8222;<a href=\"http:\/\/aad-kongress.de\/kongress\/programm_neu.php?ID=044&amp;zeigen=157#157\" target=\"_blank\" rel=\"noopener\">Wetlab I : Phakoemulsifikation f\u00fcr Anf\u00e4nger, Theoretische Einf\u00fchrung und Praxis<\/a>&#8222;.<\/p>\n","protected":false},"excerpt":{"rendered":"<p>Wie in vorigen jahren, Alfredo Ferrer nimmt teil als Referent an der Augen\u00e4rztlichte Akademie Deutschland 2013, die vom 26. Februar bis 2. M\u00e4rz in D\u00fcsseldorf stattfindet. Mehr Auskunft hier: &#8222;Wetlab&#8230;<\/p>\n","protected":false},"author":1,"featured_media":12502,"comment_status":"closed","ping_status":"open","sticky":false,"template":"","format":"standard","meta":{"footnotes":""},"categories":[36],"tags":[],"aioseo_notices":[],"amp_enabled":true,"_links":{"self":[{"href":"https:\/\/alfredoferrer.com\/de\/wp-json\/wp\/v2\/posts\/13299"}],"collection":[{"href":"https:\/\/alfredoferrer.com\/de\/wp-json\/wp\/v2\/posts"}],"about":[{"href":"https:\/\/alfredoferrer.com\/de\/wp-json\/wp\/v2\/types\/post"}],"author":[{"embeddable":true,"href":"https:\/\/alfredoferrer.com\/de\/wp-json\/wp\/v2\/users\/1"}],"replies":[{"embeddable":true,"href":"https:\/\/alfredoferrer.com\/de\/wp-json\/wp\/v2\/comments?post=13299"}],"version-history":[{"count":1,"href":"https:\/\/alfredoferrer.com\/de\/wp-json\/wp\/v2\/posts\/13299\/revisions"}],"predecessor-version":[{"id":18390,"href":"https:\/\/alfredoferrer.com\/de\/wp-json\/wp\/v2\/posts\/13299\/revisions\/18390"}],"wp:featuredmedia":[{"embeddable":true,"href":"https:\/\/alfredoferrer.com\/de\/wp-json\/"}],"wp:attachment":[{"href":"https:\/\/alfredoferrer.com\/de\/wp-json\/wp\/v2\/media?parent=13299"}],"wp:term":[{"taxonomy":"category","embeddable":true,"href":"https:\/\/alfredoferrer.com\/de\/wp-json\/wp\/v2\/categories?post=13299"},{"taxonomy":"post_tag","embeddable":true,"href":"https:\/\/alfredoferrer.com\/de\/wp-json\/wp\/v2\/tags?post=13299"}],"curies":[{"name":"wp","href":"https:\/\/api.w.org\/{rel}","templated":true}]}}