{"id":13179,"date":"2014-02-23T15:13:06","date_gmt":"2014-02-23T15:13:06","guid":{"rendered":"http:\/\/www.alfredoferrer.com\/?p=13179"},"modified":"2024-12-03T20:45:23","modified_gmt":"2024-12-03T20:45:23","slug":"relex-smile-von-carl-zeiss-meditec-die-neueste-laser-augenchirurgie-in-clinica-alfredo-ferrer","status":"publish","type":"post","link":"https:\/\/alfredoferrer.com\/de\/relex-smile-von-carl-zeiss-meditec-die-neueste-laser-augenchirurgie-in-clinica-alfredo-ferrer\/","title":{"rendered":"ReLEx SMILE\u00ae von Carl Zeiss Meditec  &#8211; die neueste Laser-Augenchirurgie, in Cl\u00ednica Alfredo Ferrer"},"content":{"rendered":"<p>Seit November 2013 haben wir unser Behandlungsspektrum mit der <strong>neuesten Femtosekundenlaser Technik f\u00fcr refraktive Chirurgie<\/strong> bereichert: <strong>ReLEx SMILE\u00ae<\/strong>, in Kooperation mit dem Augenzentrum <a href=\"http:\/\/quijada.com.es\/\" target=\"_blank\" rel=\"noopener\">Quijada Augenklinik<\/a>, in Valencia.<\/p>\n<p>ZEISS\u2019 ReLEx SMILE\u00ae verwendet einen Femtosekunden-Laser f\u00fcr die Behandlung der Kurzsichtigkeit oder vom kurzsichtigen Astigmatismus.<br \/>\nAls Unterschied zur schon traditionellen LASIK Technik, wird bei ReLEx SMILE \u00ae auf den Vollschnitt vor der Laserbehandlung der Hornhaut verzichtet, und somit bleibt die Hornhaut-Struktur intakt.<\/p>\n<p>Das bedeutet, dass die oberen Schichten der Hornhaut unver\u00e4ndert bleiben, so dass die Interaktion mit den dort vorhandenen Nervenendigungen auf ein Minimum reduziert wird. Damit werden postoperative Beschwerden wie Schmerzen und trockenes Auge weitgehend verhindert.<\/p>\n<p>Und, nat\u00fcrlich, ReLEx SMILE\u00ae ist noch pr\u00e4ziser als sein Vorg\u00e4nger, LASIK. Dies erm\u00f6glicht eine noch <strong>schnellere visuelle Rehabilitation<\/strong> und nahezu sofortige Ergebnisse.<\/p>\n<p><strong>ReLEx SMILE\u00ae ist eine Revolution <\/strong>in der Welt der refraktiven Augenchirurgie: die<strong> nicht-invasive, sicherste und effektivste Technik<\/strong>.<\/p>\n<p style=\"text-align: left;\"><a title=\"Patientenerfahrungen\" href=\"http:\/\/54.72.137.141\/de\/patientenerfahrungen\/\">&gt;&gt; Patientenerfahrung lesen<\/a><\/p>\n<p style=\"text-align: left;\"><a title=\"ReLEx \u2013 Die Neueste Laser Behandlung\" href=\"http:\/\/54.72.137.141\/de\/relex-smile-laser-deutsch\/\">&gt;&gt; Video sehen<\/a><\/p>\n<p style=\"text-align: left;\">Weitere Informationen, <a title=\"Termine\" href=\"http:\/\/54.72.137.141\/de\/termine\/\"><strong>hier<\/strong><\/a><\/p>\n","protected":false},"excerpt":{"rendered":"<p>Seit November 2013 haben wir unser Behandlungsspektrum mit der neuesten Femtosekundenlaser Technik f\u00fcr refraktive Chirurgie bereichert: ReLEx SMILE\u00ae, in Kooperation mit dem Augenzentrum Quijada Augenklinik, in Valencia. ZEISS\u2019 ReLEx SMILE\u00ae&#8230;<\/p>\n","protected":false},"author":1,"featured_media":12660,"comment_status":"closed","ping_status":"open","sticky":false,"template":"","format":"standard","meta":{"footnotes":""},"categories":[88],"tags":[],"aioseo_notices":[],"amp_enabled":true,"_links":{"self":[{"href":"https:\/\/alfredoferrer.com\/de\/wp-json\/wp\/v2\/posts\/13179"}],"collection":[{"href":"https:\/\/alfredoferrer.com\/de\/wp-json\/wp\/v2\/posts"}],"about":[{"href":"https:\/\/alfredoferrer.com\/de\/wp-json\/wp\/v2\/types\/post"}],"author":[{"embeddable":true,"href":"https:\/\/alfredoferrer.com\/de\/wp-json\/wp\/v2\/users\/1"}],"replies":[{"embeddable":true,"href":"https:\/\/alfredoferrer.com\/de\/wp-json\/wp\/v2\/comments?post=13179"}],"version-history":[{"count":1,"href":"https:\/\/alfredoferrer.com\/de\/wp-json\/wp\/v2\/posts\/13179\/revisions"}],"predecessor-version":[{"id":18379,"href":"https:\/\/alfredoferrer.com\/de\/wp-json\/wp\/v2\/posts\/13179\/revisions\/18379"}],"wp:featuredmedia":[{"embeddable":true,"href":"https:\/\/alfredoferrer.com\/de\/wp-json\/"}],"wp:attachment":[{"href":"https:\/\/alfredoferrer.com\/de\/wp-json\/wp\/v2\/media?parent=13179"}],"wp:term":[{"taxonomy":"category","embeddable":true,"href":"https:\/\/alfredoferrer.com\/de\/wp-json\/wp\/v2\/categories?post=13179"},{"taxonomy":"post_tag","embeddable":true,"href":"https:\/\/alfredoferrer.com\/de\/wp-json\/wp\/v2\/tags?post=13179"}],"curies":[{"name":"wp","href":"https:\/\/api.w.org\/{rel}","templated":true}]}}